{"id":70301,"date":"2026-04-28T07:25:10","date_gmt":"2026-04-28T07:25:10","guid":{"rendered":"https:\/\/www.fundacionrafanadal.org\/?p=70301"},"modified":"2026-04-28T07:25:19","modified_gmt":"2026-04-28T07:25:19","slug":"formacio-i-acompanyament-a-les-families-per-a-un-us-responsable-de-lentorn-digital","status":"publish","type":"post","link":"https:\/\/www.fundacionrafanadal.org\/ca\/formacio-i-acompanyament-a-les-families-per-a-un-us-responsable-de-lentorn-digital\/","title":{"rendered":"Formaci\u00f3 i acompanyament a les fam\u00edlies per a un \u00fas responsable de l\u2019entorn digital"},"content":{"rendered":"\n<h2 class=\"wp-block-heading\">Al Centre Fundaci\u00f3 Rafa Nadal de Val\u00e8ncia, el Programa Educaci\u00f3 i Esport desenvolupa el curs 2025-2026 sota el lema \u201cPosa-li al play\u201d, una proposta que refor\u00e7a el comprom\u00eds amb la promoci\u00f3 d\u2019un \u00fas saludable del temps lliure.<\/h2>\n\n\n\n<p>Aquest enfocament posa l\u2019accent en la import\u00e0ncia de fomentar la conviv\u00e8ncia, la interacci\u00f3 presencial i el benestar dels infants i adolescents, alhora que es promou la sensibilitzaci\u00f3 de les fam\u00edlies en relaci\u00f3 amb l\u2019entorn digital.<\/p>\n\n\n\n<p>En aquest marc, des de l\u2019\u00e0mbit educatiu s\u2019ha dut a terme un taller adre\u00e7at a fam\u00edlies centrat en l\u2019\u00fas segur, saludable i responsable de la tecnologia. L\u2019objectiu principal de la iniciativa \u00e9s oferir orientaci\u00f3 i eines pr\u00e0ctiques que facilitin l\u2019acompanyament educatiu en el context digital, aix\u00ed com la prevenci\u00f3 dels riscos associats a l\u2019\u00fas d\u2019internet.<\/p>\n\n\n\n<p>La sessi\u00f3 va comen\u00e7ar destacant el paper de compet\u00e8ncies transversals com l\u2019esfor\u00e7, la participaci\u00f3 activa, la perseveran\u00e7a, el respecte i l\u2019actitud positiva, i la seva vinculaci\u00f3 directa amb l\u2019educaci\u00f3 digital dins l\u2019\u00e0mbit familiar. <\/p>\n\n\n\n<h2 class=\"wp-block-heading\">Aquest enfocament va permetre remarcar la import\u00e0ncia de la implicaci\u00f3 de les fam\u00edlies com a agents clau en el desenvolupament educatiu d\u2019infants i adolescents.<\/h2>\n\n\n\n<p>Com a part de la metodologia del taller, es va dur a terme la din\u00e0mica \u201cJoc de m\u00e0scares\u201d, una activitat vivencial orientada a evidenciar la facilitat amb qu\u00e8 es pot crear una identitat falsa en l\u2019entorn digital i accedir a informaci\u00f3 personal. Aquesta din\u00e0mica va afavorir una primera reflexi\u00f3 sobre els riscos associats a la suplantaci\u00f3 d\u2019identitat i a l\u2019exposici\u00f3 en l\u00ednia.<\/p>\n\n\n\n<figure class=\"wp-block-gallery has-nested-images columns-default is-cropped wp-block-gallery-1 is-layout-flex wp-block-gallery-is-layout-flex\">\n<figure class=\"wp-block-image size-large\"><img decoding=\"async\" width=\"1024\" height=\"819\" data-id=\"70285\" src=\"https:\/\/www.fundacionrafanadal.org\/wp-content\/uploads\/2026\/04\/CFRNVL_DIGITAL001-1024x819.jpg\" alt=\"\" class=\"wp-image-70285\" srcset=\"https:\/\/www.fundacionrafanadal.org\/wp-content\/uploads\/2026\/04\/CFRNVL_DIGITAL001-1024x819.jpg 1024w, https:\/\/www.fundacionrafanadal.org\/wp-content\/uploads\/2026\/04\/CFRNVL_DIGITAL001-300x240.jpg 300w, https:\/\/www.fundacionrafanadal.org\/wp-content\/uploads\/2026\/04\/CFRNVL_DIGITAL001-768x614.jpg 768w, https:\/\/www.fundacionrafanadal.org\/wp-content\/uploads\/2026\/04\/CFRNVL_DIGITAL001-1536x1229.jpg 1536w, https:\/\/www.fundacionrafanadal.org\/wp-content\/uploads\/2026\/04\/CFRNVL_DIGITAL001-900x720.jpg 900w, https:\/\/www.fundacionrafanadal.org\/wp-content\/uploads\/2026\/04\/CFRNVL_DIGITAL001-44x35.jpg 44w, https:\/\/www.fundacionrafanadal.org\/wp-content\/uploads\/2026\/04\/CFRNVL_DIGITAL001.jpg 1625w\" sizes=\"(max-width: 1024px) 100vw, 1024px\" \/><\/figure>\n\n\n\n<figure class=\"wp-block-image size-large\"><img decoding=\"async\" width=\"1024\" height=\"819\" data-id=\"70287\" src=\"https:\/\/www.fundacionrafanadal.org\/wp-content\/uploads\/2026\/04\/CFRNVL_DIGITAL003-1024x819.jpg\" alt=\"\" class=\"wp-image-70287\" srcset=\"https:\/\/www.fundacionrafanadal.org\/wp-content\/uploads\/2026\/04\/CFRNVL_DIGITAL003-1024x819.jpg 1024w, https:\/\/www.fundacionrafanadal.org\/wp-content\/uploads\/2026\/04\/CFRNVL_DIGITAL003-300x240.jpg 300w, https:\/\/www.fundacionrafanadal.org\/wp-content\/uploads\/2026\/04\/CFRNVL_DIGITAL003-768x615.jpg 768w, https:\/\/www.fundacionrafanadal.org\/wp-content\/uploads\/2026\/04\/CFRNVL_DIGITAL003-1536x1229.jpg 1536w, https:\/\/www.fundacionrafanadal.org\/wp-content\/uploads\/2026\/04\/CFRNVL_DIGITAL003-900x720.jpg 900w, https:\/\/www.fundacionrafanadal.org\/wp-content\/uploads\/2026\/04\/CFRNVL_DIGITAL003-44x35.jpg 44w, https:\/\/www.fundacionrafanadal.org\/wp-content\/uploads\/2026\/04\/CFRNVL_DIGITAL003.jpg 1552w\" sizes=\"(max-width: 1024px) 100vw, 1024px\" \/><\/figure>\n\n\n\n<figure class=\"wp-block-image size-large\"><img decoding=\"async\" width=\"1024\" height=\"819\" data-id=\"70288\" src=\"https:\/\/www.fundacionrafanadal.org\/wp-content\/uploads\/2026\/04\/CFRNVL_DIGITAL004-1024x819.jpg\" alt=\"\" class=\"wp-image-70288\" srcset=\"https:\/\/www.fundacionrafanadal.org\/wp-content\/uploads\/2026\/04\/CFRNVL_DIGITAL004-1024x819.jpg 1024w, https:\/\/www.fundacionrafanadal.org\/wp-content\/uploads\/2026\/04\/CFRNVL_DIGITAL004-300x240.jpg 300w, https:\/\/www.fundacionrafanadal.org\/wp-content\/uploads\/2026\/04\/CFRNVL_DIGITAL004-768x614.jpg 768w, https:\/\/www.fundacionrafanadal.org\/wp-content\/uploads\/2026\/04\/CFRNVL_DIGITAL004-1536x1229.jpg 1536w, https:\/\/www.fundacionrafanadal.org\/wp-content\/uploads\/2026\/04\/CFRNVL_DIGITAL004-900x720.jpg 900w, https:\/\/www.fundacionrafanadal.org\/wp-content\/uploads\/2026\/04\/CFRNVL_DIGITAL004-44x35.jpg 44w, https:\/\/www.fundacionrafanadal.org\/wp-content\/uploads\/2026\/04\/CFRNVL_DIGITAL004.jpg 1836w\" sizes=\"(max-width: 1024px) 100vw, 1024px\" \/><\/figure>\n\n\n\n<figure class=\"wp-block-image size-large\"><img decoding=\"async\" width=\"1024\" height=\"819\" data-id=\"70286\" src=\"https:\/\/www.fundacionrafanadal.org\/wp-content\/uploads\/2026\/04\/CFRNVL_DIGITAL002-1024x819.jpg\" alt=\"\" class=\"wp-image-70286\" srcset=\"https:\/\/www.fundacionrafanadal.org\/wp-content\/uploads\/2026\/04\/CFRNVL_DIGITAL002-1024x819.jpg 1024w, https:\/\/www.fundacionrafanadal.org\/wp-content\/uploads\/2026\/04\/CFRNVL_DIGITAL002-300x240.jpg 300w, https:\/\/www.fundacionrafanadal.org\/wp-content\/uploads\/2026\/04\/CFRNVL_DIGITAL002-768x614.jpg 768w, https:\/\/www.fundacionrafanadal.org\/wp-content\/uploads\/2026\/04\/CFRNVL_DIGITAL002-1536x1228.jpg 1536w, https:\/\/www.fundacionrafanadal.org\/wp-content\/uploads\/2026\/04\/CFRNVL_DIGITAL002-900x720.jpg 900w, https:\/\/www.fundacionrafanadal.org\/wp-content\/uploads\/2026\/04\/CFRNVL_DIGITAL002-44x35.jpg 44w, https:\/\/www.fundacionrafanadal.org\/wp-content\/uploads\/2026\/04\/CFRNVL_DIGITAL002.jpg 1823w\" sizes=\"(max-width: 1024px) 100vw, 1024px\" \/><\/figure>\n\n\n\n<figure class=\"wp-block-image size-large\"><img decoding=\"async\" width=\"1024\" height=\"819\" data-id=\"70289\" src=\"https:\/\/www.fundacionrafanadal.org\/wp-content\/uploads\/2026\/04\/CFRNVL_DIGITAL005-1024x819.jpg\" alt=\"\" class=\"wp-image-70289\" srcset=\"https:\/\/www.fundacionrafanadal.org\/wp-content\/uploads\/2026\/04\/CFRNVL_DIGITAL005-1024x819.jpg 1024w, https:\/\/www.fundacionrafanadal.org\/wp-content\/uploads\/2026\/04\/CFRNVL_DIGITAL005-300x240.jpg 300w, https:\/\/www.fundacionrafanadal.org\/wp-content\/uploads\/2026\/04\/CFRNVL_DIGITAL005-768x614.jpg 768w, https:\/\/www.fundacionrafanadal.org\/wp-content\/uploads\/2026\/04\/CFRNVL_DIGITAL005-1536x1229.jpg 1536w, https:\/\/www.fundacionrafanadal.org\/wp-content\/uploads\/2026\/04\/CFRNVL_DIGITAL005-900x720.jpg 900w, https:\/\/www.fundacionrafanadal.org\/wp-content\/uploads\/2026\/04\/CFRNVL_DIGITAL005-44x35.jpg 44w, https:\/\/www.fundacionrafanadal.org\/wp-content\/uploads\/2026\/04\/CFRNVL_DIGITAL005.jpg 1666w\" sizes=\"(max-width: 1024px) 100vw, 1024px\" \/><\/figure>\n\n\n\n<figure class=\"wp-block-image size-large\"><img decoding=\"async\" width=\"1024\" height=\"819\" data-id=\"70290\" src=\"https:\/\/www.fundacionrafanadal.org\/wp-content\/uploads\/2026\/04\/CFRNVL_DIGITAL006-1024x819.jpg\" alt=\"\" class=\"wp-image-70290\" srcset=\"https:\/\/www.fundacionrafanadal.org\/wp-content\/uploads\/2026\/04\/CFRNVL_DIGITAL006-1024x819.jpg 1024w, https:\/\/www.fundacionrafanadal.org\/wp-content\/uploads\/2026\/04\/CFRNVL_DIGITAL006-300x240.jpg 300w, https:\/\/www.fundacionrafanadal.org\/wp-content\/uploads\/2026\/04\/CFRNVL_DIGITAL006-768x615.jpg 768w, https:\/\/www.fundacionrafanadal.org\/wp-content\/uploads\/2026\/04\/CFRNVL_DIGITAL006-1536x1229.jpg 1536w, https:\/\/www.fundacionrafanadal.org\/wp-content\/uploads\/2026\/04\/CFRNVL_DIGITAL006-900x720.jpg 900w, https:\/\/www.fundacionrafanadal.org\/wp-content\/uploads\/2026\/04\/CFRNVL_DIGITAL006-44x35.jpg 44w, https:\/\/www.fundacionrafanadal.org\/wp-content\/uploads\/2026\/04\/CFRNVL_DIGITAL006.jpg 1892w\" sizes=\"(max-width: 1024px) 100vw, 1024px\" \/><\/figure>\n<\/figure>\n\n\n\n<p>Posteriorment, es va projectar un recurs audiovisual que va actuar com a punt d\u2019inflexi\u00f3 de la sessi\u00f3, permetent una an\u00e0lisi m\u00e9s profunda dels principals riscos digitals als quals poden estar exposats els menors. A partir d\u2019aquest material, es va obrir un espai de di\u00e0leg estructurat al voltant de dos grans \u00e0mbits de risc: d\u2019una banda, la vulnerabilitat davant del frau digital, incloent perfils falsos, enganys, situacions d\u2019assetjament o xantatge; i, de l\u2019altra, l\u2019acc\u00e9s prematur a continguts inapropiats, amb especial atenci\u00f3 al seu impacte en el desenvolupament emocional i social.<\/p>\n\n\n\n<p>L\u2019enfocament del taller va posar el focus en la necessitat d\u2019abordar aquestes realitats des d\u2019una perspectiva educativa, prioritzant l\u2019acompanyament, la supervisi\u00f3 i la formaci\u00f3 per damunt de la prohibici\u00f3. En aquest sentit, es van compartir estrat\u00e8gies per facilitar l\u2019establiment de l\u00edmits, la comunicaci\u00f3 familiar i la detecci\u00f3 preco\u00e7 de senyals d\u2019alerta.<\/p>\n\n\n\n<p>Aix\u00ed mateix, es van presentar diverses eines de control parental, explicant el seu funcionament en aspectes com la gesti\u00f3 del temps de pantalla, la supervisi\u00f3 d\u2019aplicacions i el filtratge de continguts. Les fam\u00edlies van rebre tamb\u00e9 material de suport en format infogr\u00e0fic per facilitar la seva aplicaci\u00f3 a casa.<\/p>\n\n\n\n<p>La sessi\u00f3 va finalitzar amb un espai de reflexi\u00f3 conjunta i una enquesta de valoraci\u00f3, fomentant el pensament cr\u00edtic i refor\u00e7ant el comprom\u00eds de les fam\u00edlies en l\u2019educaci\u00f3 digital.<\/p>\n\n\n\n<p>Aquest tipus d\u2019iniciatives reforcen el sentit del lema \u201cPosa-li al play\u201d, ent\u00e8s com una invitaci\u00f3 a promoure estils de vida m\u00e9s equilibrats, on el joc, la conviv\u00e8ncia i el temps compartit tinguin un paper central.<\/p>\n\n\n\n<figure class=\"wp-block-gallery has-nested-images columns-default is-cropped wp-block-gallery-2 is-layout-flex wp-block-gallery-is-layout-flex\">\n<figure class=\"wp-block-image\"><img decoding=\"async\" width=\"1000\" height=\"800\" data-id=\"70318\" src=\"https:\/\/www.fundacionrafanadal.org\/wp-content\/uploads\/2026\/04\/CFRN_VLC.jpg\" alt=\"\" class=\"wp-image-70318\" srcset=\"https:\/\/www.fundacionrafanadal.org\/wp-content\/uploads\/2026\/04\/CFRN_VLC.jpg 1000w, https:\/\/www.fundacionrafanadal.org\/wp-content\/uploads\/2026\/04\/CFRN_VLC-300x240.jpg 300w, https:\/\/www.fundacionrafanadal.org\/wp-content\/uploads\/2026\/04\/CFRN_VLC-768x614.jpg 768w, https:\/\/www.fundacionrafanadal.org\/wp-content\/uploads\/2026\/04\/CFRN_VLC-900x720.jpg 900w, https:\/\/www.fundacionrafanadal.org\/wp-content\/uploads\/2026\/04\/CFRN_VLC-44x35.jpg 44w\" sizes=\"(max-width: 1000px) 100vw, 1000px\" \/><\/figure>\n\n\n\n<figure class=\"wp-block-image\"><img decoding=\"async\" width=\"1000\" height=\"801\" data-id=\"70317\" src=\"https:\/\/www.fundacionrafanadal.org\/wp-content\/uploads\/2026\/04\/DaleAlPlay.jpg\" alt=\"\" class=\"wp-image-70317\" srcset=\"https:\/\/www.fundacionrafanadal.org\/wp-content\/uploads\/2026\/04\/DaleAlPlay.jpg 1000w, https:\/\/www.fundacionrafanadal.org\/wp-content\/uploads\/2026\/04\/DaleAlPlay-300x240.jpg 300w, https:\/\/www.fundacionrafanadal.org\/wp-content\/uploads\/2026\/04\/DaleAlPlay-768x615.jpg 768w, https:\/\/www.fundacionrafanadal.org\/wp-content\/uploads\/2026\/04\/DaleAlPlay-900x721.jpg 900w, https:\/\/www.fundacionrafanadal.org\/wp-content\/uploads\/2026\/04\/DaleAlPlay-44x35.jpg 44w\" sizes=\"(max-width: 1000px) 100vw, 1000px\" \/><\/figure>\n\n\n\n<figure class=\"wp-block-image\"><img decoding=\"async\" width=\"1200\" height=\"960\" data-id=\"70291\" src=\"https:\/\/www.fundacionrafanadal.org\/wp-content\/uploads\/2026\/04\/IMG_9441_b.jpg\" alt=\"\" class=\"wp-image-70291\" srcset=\"https:\/\/www.fundacionrafanadal.org\/wp-content\/uploads\/2026\/04\/IMG_9441_b.jpg 1200w, https:\/\/www.fundacionrafanadal.org\/wp-content\/uploads\/2026\/04\/IMG_9441_b-300x240.jpg 300w, https:\/\/www.fundacionrafanadal.org\/wp-content\/uploads\/2026\/04\/IMG_9441_b-1024x819.jpg 1024w, https:\/\/www.fundacionrafanadal.org\/wp-content\/uploads\/2026\/04\/IMG_9441_b-768x614.jpg 768w, https:\/\/www.fundacionrafanadal.org\/wp-content\/uploads\/2026\/04\/IMG_9441_b-900x720.jpg 900w, https:\/\/www.fundacionrafanadal.org\/wp-content\/uploads\/2026\/04\/IMG_9441_b-44x35.jpg 44w\" sizes=\"(max-width: 1200px) 100vw, 1200px\" \/><\/figure>\n<\/figure>\n\n\n\n<h2 class=\"wp-block-heading\">En definitiva, es vol transmetre un missatge clar: el benestar dels infants i adolescents tamb\u00e9 es construeix a trav\u00e9s de la qualitat del temps en fam\u00edlia i la promoci\u00f3 d\u2019un oci saludable fora de l\u2019entorn digital.<\/h2>\n","protected":false},"excerpt":{"rendered":"<p>Al Centre Fundaci\u00f3 Rafa Nadal de Val\u00e8ncia, el Programa Educaci\u00f3 i Esport desenvolupa el curs 2025-2026 sota el lema \u201cPosa-li al play\u201d, una proposta que refor\u00e7a el comprom\u00eds amb la promoci\u00f3 d\u2019un \u00fas saludable del temps lliure. Aquest enfocament posa l\u2019accent en la import\u00e0ncia de fomentar la conviv\u00e8ncia, la interacci\u00f3 presencial i el benestar dels [&hellip;]<\/p>\n","protected":false},"author":6,"featured_media":70300,"comment_status":"closed","ping_status":"closed","sticky":false,"template":"","format":"standard","meta":{"_acf_changed":false,"give_campaign_id":0,"inline_featured_image":false,"footnotes":""},"categories":[1373,1397,1403,1399,1405,1407,1409,1411,1419,1423,1],"tags":[],"class_list":["post-70301","post","type-post","status-publish","format-standard","has-post-thumbnail","hentry","category-benestar","category-centre-fundacio-rafa-nadal","category-educacio","category-esport","category-habits","category-igualtat","category-infancia","category-integracio","category-projectes","category-salut","category-sin-categoria"],"acf":[],"yoast_head":"<!-- This site is optimized with the Yoast SEO plugin v27.4 - https:\/\/yoast.com\/product\/yoast-seo-wordpress\/ -->\n<title>Formaci\u00f3 i acompanyament a les fam\u00edlies per a un \u00fas responsable de l\u2019entorn digital - Fundaci\u00f3n Rafa Nadal<\/title>\n<meta name=\"robots\" content=\"index, follow, max-snippet:-1, max-image-preview:large, max-video-preview:-1\" \/>\n<link rel=\"canonical\" href=\"https:\/\/www.fundacionrafanadal.org\/ca\/formacio-i-acompanyament-a-les-families-per-a-un-us-responsable-de-lentorn-digital\/\" \/>\n<meta property=\"og:locale\" content=\"ca_ES\" \/>\n<meta property=\"og:type\" content=\"article\" \/>\n<meta property=\"og:title\" content=\"Formaci\u00f3 i acompanyament a les fam\u00edlies per a un \u00fas responsable de l\u2019entorn digital - Fundaci\u00f3n Rafa Nadal\" \/>\n<meta property=\"og:description\" content=\"Al Centre Fundaci\u00f3 Rafa Nadal de Val\u00e8ncia, el Programa Educaci\u00f3 i Esport desenvolupa el curs 2025-2026 sota el lema \u201cPosa-li al play\u201d, una proposta que refor\u00e7a el comprom\u00eds amb la promoci\u00f3 d\u2019un \u00fas saludable del temps lliure. Aquest enfocament posa l\u2019accent en la import\u00e0ncia de fomentar la conviv\u00e8ncia, la interacci\u00f3 presencial i el benestar dels [&hellip;]\" \/>\n<meta property=\"og:url\" content=\"https:\/\/www.fundacionrafanadal.org\/ca\/formacio-i-acompanyament-a-les-families-per-a-un-us-responsable-de-lentorn-digital\/\" \/>\n<meta property=\"og:site_name\" content=\"Fundaci\u00f3n Rafa Nadal\" \/>\n<meta property=\"article:published_time\" content=\"2026-04-28T07:25:10+00:00\" \/>\n<meta property=\"article:modified_time\" content=\"2026-04-28T07:25:19+00:00\" \/>\n<meta property=\"og:image\" content=\"https:\/\/www.fundacionrafanadal.org\/wp-content\/uploads\/2026\/04\/IMG_9105_b.jpg\" \/>\n\t<meta property=\"og:image:width\" content=\"1200\" \/>\n\t<meta property=\"og:image:height\" content=\"960\" \/>\n\t<meta property=\"og:image:type\" content=\"image\/jpeg\" \/>\n<meta name=\"author\" content=\"iperez\" \/>\n<meta name=\"twitter:card\" content=\"summary_large_image\" \/>\n<meta name=\"twitter:label1\" content=\"Escrit per\" \/>\n\t<meta name=\"twitter:data1\" content=\"iperez\" \/>\n\t<meta name=\"twitter:label2\" content=\"Temps estimat de lectura\" \/>\n\t<meta name=\"twitter:data2\" content=\"5 minuts\" \/>\n<script type=\"application\/ld+json\" class=\"yoast-schema-graph\">{\"@context\":\"https:\\\/\\\/schema.org\",\"@graph\":[{\"@type\":\"Article\",\"@id\":\"https:\\\/\\\/www.fundacionrafanadal.org\\\/ca\\\/formacio-i-acompanyament-a-les-families-per-a-un-us-responsable-de-lentorn-digital\\\/#article\",\"isPartOf\":{\"@id\":\"https:\\\/\\\/www.fundacionrafanadal.org\\\/ca\\\/formacio-i-acompanyament-a-les-families-per-a-un-us-responsable-de-lentorn-digital\\\/\"},\"author\":{\"name\":\"iperez\",\"@id\":\"https:\\\/\\\/www.fundacionrafanadal.org\\\/ca\\\/#\\\/schema\\\/person\\\/ada0f5cb4d54758a4a7d6fa0934fb1ae\"},\"headline\":\"Formaci\u00f3 i acompanyament a les fam\u00edlies per a un \u00fas responsable de l\u2019entorn digital\",\"datePublished\":\"2026-04-28T07:25:10+00:00\",\"dateModified\":\"2026-04-28T07:25:19+00:00\",\"mainEntityOfPage\":{\"@id\":\"https:\\\/\\\/www.fundacionrafanadal.org\\\/ca\\\/formacio-i-acompanyament-a-les-families-per-a-un-us-responsable-de-lentorn-digital\\\/\"},\"wordCount\":621,\"image\":{\"@id\":\"https:\\\/\\\/www.fundacionrafanadal.org\\\/ca\\\/formacio-i-acompanyament-a-les-families-per-a-un-us-responsable-de-lentorn-digital\\\/#primaryimage\"},\"thumbnailUrl\":\"https:\\\/\\\/www.fundacionrafanadal.org\\\/wp-content\\\/uploads\\\/2026\\\/04\\\/IMG_9105_b.jpg\",\"articleSection\":[\"Benestar\",\"Centre Fundaci\u00f3 Rafa Nadal\",\"Educaci\u00f3\",\"Esport\",\"H\u00e0bits\",\"Igualtat\",\"Inf\u00e0ncia\",\"Integraci\u00f3\",\"Projectes\",\"Salut\",\"Sin categor\u00eda\"],\"inLanguage\":\"ca\"},{\"@type\":\"WebPage\",\"@id\":\"https:\\\/\\\/www.fundacionrafanadal.org\\\/ca\\\/formacio-i-acompanyament-a-les-families-per-a-un-us-responsable-de-lentorn-digital\\\/\",\"url\":\"https:\\\/\\\/www.fundacionrafanadal.org\\\/ca\\\/formacio-i-acompanyament-a-les-families-per-a-un-us-responsable-de-lentorn-digital\\\/\",\"name\":\"Formaci\u00f3 i acompanyament a les fam\u00edlies per a un \u00fas responsable de l\u2019entorn digital - Fundaci\u00f3n Rafa Nadal\",\"isPartOf\":{\"@id\":\"https:\\\/\\\/www.fundacionrafanadal.org\\\/ca\\\/#website\"},\"primaryImageOfPage\":{\"@id\":\"https:\\\/\\\/www.fundacionrafanadal.org\\\/ca\\\/formacio-i-acompanyament-a-les-families-per-a-un-us-responsable-de-lentorn-digital\\\/#primaryimage\"},\"image\":{\"@id\":\"https:\\\/\\\/www.fundacionrafanadal.org\\\/ca\\\/formacio-i-acompanyament-a-les-families-per-a-un-us-responsable-de-lentorn-digital\\\/#primaryimage\"},\"thumbnailUrl\":\"https:\\\/\\\/www.fundacionrafanadal.org\\\/wp-content\\\/uploads\\\/2026\\\/04\\\/IMG_9105_b.jpg\",\"datePublished\":\"2026-04-28T07:25:10+00:00\",\"dateModified\":\"2026-04-28T07:25:19+00:00\",\"author\":{\"@id\":\"https:\\\/\\\/www.fundacionrafanadal.org\\\/ca\\\/#\\\/schema\\\/person\\\/ada0f5cb4d54758a4a7d6fa0934fb1ae\"},\"breadcrumb\":{\"@id\":\"https:\\\/\\\/www.fundacionrafanadal.org\\\/ca\\\/formacio-i-acompanyament-a-les-families-per-a-un-us-responsable-de-lentorn-digital\\\/#breadcrumb\"},\"inLanguage\":\"ca\",\"potentialAction\":[{\"@type\":\"ReadAction\",\"target\":[\"https:\\\/\\\/www.fundacionrafanadal.org\\\/ca\\\/formacio-i-acompanyament-a-les-families-per-a-un-us-responsable-de-lentorn-digital\\\/\"]}]},{\"@type\":\"ImageObject\",\"inLanguage\":\"ca\",\"@id\":\"https:\\\/\\\/www.fundacionrafanadal.org\\\/ca\\\/formacio-i-acompanyament-a-les-families-per-a-un-us-responsable-de-lentorn-digital\\\/#primaryimage\",\"url\":\"https:\\\/\\\/www.fundacionrafanadal.org\\\/wp-content\\\/uploads\\\/2026\\\/04\\\/IMG_9105_b.jpg\",\"contentUrl\":\"https:\\\/\\\/www.fundacionrafanadal.org\\\/wp-content\\\/uploads\\\/2026\\\/04\\\/IMG_9105_b.jpg\",\"width\":1200,\"height\":960},{\"@type\":\"BreadcrumbList\",\"@id\":\"https:\\\/\\\/www.fundacionrafanadal.org\\\/ca\\\/formacio-i-acompanyament-a-les-families-per-a-un-us-responsable-de-lentorn-digital\\\/#breadcrumb\",\"itemListElement\":[{\"@type\":\"ListItem\",\"position\":1,\"name\":\"Portada\",\"item\":\"https:\\\/\\\/www.fundacionrafanadal.org\\\/ca\\\/\"},{\"@type\":\"ListItem\",\"position\":2,\"name\":\"Formaci\u00f3 i acompanyament a les fam\u00edlies per a un \u00fas responsable de l\u2019entorn digital\"}]},{\"@type\":\"WebSite\",\"@id\":\"https:\\\/\\\/www.fundacionrafanadal.org\\\/ca\\\/#website\",\"url\":\"https:\\\/\\\/www.fundacionrafanadal.org\\\/ca\\\/\",\"name\":\"Fundaci\u00f3n Rafa Nadal\",\"description\":\"\",\"potentialAction\":[{\"@type\":\"SearchAction\",\"target\":{\"@type\":\"EntryPoint\",\"urlTemplate\":\"https:\\\/\\\/www.fundacionrafanadal.org\\\/ca\\\/?s={search_term_string}\"},\"query-input\":{\"@type\":\"PropertyValueSpecification\",\"valueRequired\":true,\"valueName\":\"search_term_string\"}}],\"inLanguage\":\"ca\"},{\"@type\":\"Person\",\"@id\":\"https:\\\/\\\/www.fundacionrafanadal.org\\\/ca\\\/#\\\/schema\\\/person\\\/ada0f5cb4d54758a4a7d6fa0934fb1ae\",\"name\":\"iperez\",\"image\":{\"@type\":\"ImageObject\",\"inLanguage\":\"ca\",\"@id\":\"https:\\\/\\\/secure.gravatar.com\\\/avatar\\\/492a9f1dcc70efdbd49a40599f12f7cf7ef5be3deaf1d1029c1d7e28a85001f5?s=96&d=mm&r=g\",\"url\":\"https:\\\/\\\/secure.gravatar.com\\\/avatar\\\/492a9f1dcc70efdbd49a40599f12f7cf7ef5be3deaf1d1029c1d7e28a85001f5?s=96&d=mm&r=g\",\"contentUrl\":\"https:\\\/\\\/secure.gravatar.com\\\/avatar\\\/492a9f1dcc70efdbd49a40599f12f7cf7ef5be3deaf1d1029c1d7e28a85001f5?s=96&d=mm&r=g\",\"caption\":\"iperez\"},\"url\":\"https:\\\/\\\/www.fundacionrafanadal.org\\\/ca\\\/author\\\/iperez\\\/\"}]}<\/script>\n<!-- \/ Yoast SEO plugin. -->","yoast_head_json":{"title":"Formaci\u00f3 i acompanyament a les fam\u00edlies per a un \u00fas responsable de l\u2019entorn digital - Fundaci\u00f3n Rafa Nadal","robots":{"index":"index","follow":"follow","max-snippet":"max-snippet:-1","max-image-preview":"max-image-preview:large","max-video-preview":"max-video-preview:-1"},"canonical":"https:\/\/www.fundacionrafanadal.org\/ca\/formacio-i-acompanyament-a-les-families-per-a-un-us-responsable-de-lentorn-digital\/","og_locale":"ca_ES","og_type":"article","og_title":"Formaci\u00f3 i acompanyament a les fam\u00edlies per a un \u00fas responsable de l\u2019entorn digital - Fundaci\u00f3n Rafa Nadal","og_description":"Al Centre Fundaci\u00f3 Rafa Nadal de Val\u00e8ncia, el Programa Educaci\u00f3 i Esport desenvolupa el curs 2025-2026 sota el lema \u201cPosa-li al play\u201d, una proposta que refor\u00e7a el comprom\u00eds amb la promoci\u00f3 d\u2019un \u00fas saludable del temps lliure. Aquest enfocament posa l\u2019accent en la import\u00e0ncia de fomentar la conviv\u00e8ncia, la interacci\u00f3 presencial i el benestar dels [&hellip;]","og_url":"https:\/\/www.fundacionrafanadal.org\/ca\/formacio-i-acompanyament-a-les-families-per-a-un-us-responsable-de-lentorn-digital\/","og_site_name":"Fundaci\u00f3n Rafa Nadal","article_published_time":"2026-04-28T07:25:10+00:00","article_modified_time":"2026-04-28T07:25:19+00:00","og_image":[{"width":1200,"height":960,"url":"https:\/\/www.fundacionrafanadal.org\/wp-content\/uploads\/2026\/04\/IMG_9105_b.jpg","type":"image\/jpeg"}],"author":"iperez","twitter_card":"summary_large_image","twitter_misc":{"Escrit per":"iperez","Temps estimat de lectura":"5 minuts"},"schema":{"@context":"https:\/\/schema.org","@graph":[{"@type":"Article","@id":"https:\/\/www.fundacionrafanadal.org\/ca\/formacio-i-acompanyament-a-les-families-per-a-un-us-responsable-de-lentorn-digital\/#article","isPartOf":{"@id":"https:\/\/www.fundacionrafanadal.org\/ca\/formacio-i-acompanyament-a-les-families-per-a-un-us-responsable-de-lentorn-digital\/"},"author":{"name":"iperez","@id":"https:\/\/www.fundacionrafanadal.org\/ca\/#\/schema\/person\/ada0f5cb4d54758a4a7d6fa0934fb1ae"},"headline":"Formaci\u00f3 i acompanyament a les fam\u00edlies per a un \u00fas responsable de l\u2019entorn digital","datePublished":"2026-04-28T07:25:10+00:00","dateModified":"2026-04-28T07:25:19+00:00","mainEntityOfPage":{"@id":"https:\/\/www.fundacionrafanadal.org\/ca\/formacio-i-acompanyament-a-les-families-per-a-un-us-responsable-de-lentorn-digital\/"},"wordCount":621,"image":{"@id":"https:\/\/www.fundacionrafanadal.org\/ca\/formacio-i-acompanyament-a-les-families-per-a-un-us-responsable-de-lentorn-digital\/#primaryimage"},"thumbnailUrl":"https:\/\/www.fundacionrafanadal.org\/wp-content\/uploads\/2026\/04\/IMG_9105_b.jpg","articleSection":["Benestar","Centre Fundaci\u00f3 Rafa Nadal","Educaci\u00f3","Esport","H\u00e0bits","Igualtat","Inf\u00e0ncia","Integraci\u00f3","Projectes","Salut","Sin categor\u00eda"],"inLanguage":"ca"},{"@type":"WebPage","@id":"https:\/\/www.fundacionrafanadal.org\/ca\/formacio-i-acompanyament-a-les-families-per-a-un-us-responsable-de-lentorn-digital\/","url":"https:\/\/www.fundacionrafanadal.org\/ca\/formacio-i-acompanyament-a-les-families-per-a-un-us-responsable-de-lentorn-digital\/","name":"Formaci\u00f3 i acompanyament a les fam\u00edlies per a un \u00fas responsable de l\u2019entorn digital - Fundaci\u00f3n Rafa Nadal","isPartOf":{"@id":"https:\/\/www.fundacionrafanadal.org\/ca\/#website"},"primaryImageOfPage":{"@id":"https:\/\/www.fundacionrafanadal.org\/ca\/formacio-i-acompanyament-a-les-families-per-a-un-us-responsable-de-lentorn-digital\/#primaryimage"},"image":{"@id":"https:\/\/www.fundacionrafanadal.org\/ca\/formacio-i-acompanyament-a-les-families-per-a-un-us-responsable-de-lentorn-digital\/#primaryimage"},"thumbnailUrl":"https:\/\/www.fundacionrafanadal.org\/wp-content\/uploads\/2026\/04\/IMG_9105_b.jpg","datePublished":"2026-04-28T07:25:10+00:00","dateModified":"2026-04-28T07:25:19+00:00","author":{"@id":"https:\/\/www.fundacionrafanadal.org\/ca\/#\/schema\/person\/ada0f5cb4d54758a4a7d6fa0934fb1ae"},"breadcrumb":{"@id":"https:\/\/www.fundacionrafanadal.org\/ca\/formacio-i-acompanyament-a-les-families-per-a-un-us-responsable-de-lentorn-digital\/#breadcrumb"},"inLanguage":"ca","potentialAction":[{"@type":"ReadAction","target":["https:\/\/www.fundacionrafanadal.org\/ca\/formacio-i-acompanyament-a-les-families-per-a-un-us-responsable-de-lentorn-digital\/"]}]},{"@type":"ImageObject","inLanguage":"ca","@id":"https:\/\/www.fundacionrafanadal.org\/ca\/formacio-i-acompanyament-a-les-families-per-a-un-us-responsable-de-lentorn-digital\/#primaryimage","url":"https:\/\/www.fundacionrafanadal.org\/wp-content\/uploads\/2026\/04\/IMG_9105_b.jpg","contentUrl":"https:\/\/www.fundacionrafanadal.org\/wp-content\/uploads\/2026\/04\/IMG_9105_b.jpg","width":1200,"height":960},{"@type":"BreadcrumbList","@id":"https:\/\/www.fundacionrafanadal.org\/ca\/formacio-i-acompanyament-a-les-families-per-a-un-us-responsable-de-lentorn-digital\/#breadcrumb","itemListElement":[{"@type":"ListItem","position":1,"name":"Portada","item":"https:\/\/www.fundacionrafanadal.org\/ca\/"},{"@type":"ListItem","position":2,"name":"Formaci\u00f3 i acompanyament a les fam\u00edlies per a un \u00fas responsable de l\u2019entorn digital"}]},{"@type":"WebSite","@id":"https:\/\/www.fundacionrafanadal.org\/ca\/#website","url":"https:\/\/www.fundacionrafanadal.org\/ca\/","name":"Fundaci\u00f3n Rafa Nadal","description":"","potentialAction":[{"@type":"SearchAction","target":{"@type":"EntryPoint","urlTemplate":"https:\/\/www.fundacionrafanadal.org\/ca\/?s={search_term_string}"},"query-input":{"@type":"PropertyValueSpecification","valueRequired":true,"valueName":"search_term_string"}}],"inLanguage":"ca"},{"@type":"Person","@id":"https:\/\/www.fundacionrafanadal.org\/ca\/#\/schema\/person\/ada0f5cb4d54758a4a7d6fa0934fb1ae","name":"iperez","image":{"@type":"ImageObject","inLanguage":"ca","@id":"https:\/\/secure.gravatar.com\/avatar\/492a9f1dcc70efdbd49a40599f12f7cf7ef5be3deaf1d1029c1d7e28a85001f5?s=96&d=mm&r=g","url":"https:\/\/secure.gravatar.com\/avatar\/492a9f1dcc70efdbd49a40599f12f7cf7ef5be3deaf1d1029c1d7e28a85001f5?s=96&d=mm&r=g","contentUrl":"https:\/\/secure.gravatar.com\/avatar\/492a9f1dcc70efdbd49a40599f12f7cf7ef5be3deaf1d1029c1d7e28a85001f5?s=96&d=mm&r=g","caption":"iperez"},"url":"https:\/\/www.fundacionrafanadal.org\/ca\/author\/iperez\/"}]}},"_links":{"self":[{"href":"https:\/\/www.fundacionrafanadal.org\/ca\/wp-json\/wp\/v2\/posts\/70301","targetHints":{"allow":["GET"]}}],"collection":[{"href":"https:\/\/www.fundacionrafanadal.org\/ca\/wp-json\/wp\/v2\/posts"}],"about":[{"href":"https:\/\/www.fundacionrafanadal.org\/ca\/wp-json\/wp\/v2\/types\/post"}],"author":[{"embeddable":true,"href":"https:\/\/www.fundacionrafanadal.org\/ca\/wp-json\/wp\/v2\/users\/6"}],"replies":[{"embeddable":true,"href":"https:\/\/www.fundacionrafanadal.org\/ca\/wp-json\/wp\/v2\/comments?post=70301"}],"version-history":[{"count":3,"href":"https:\/\/www.fundacionrafanadal.org\/ca\/wp-json\/wp\/v2\/posts\/70301\/revisions"}],"predecessor-version":[{"id":70319,"href":"https:\/\/www.fundacionrafanadal.org\/ca\/wp-json\/wp\/v2\/posts\/70301\/revisions\/70319"}],"wp:featuredmedia":[{"embeddable":true,"href":"https:\/\/www.fundacionrafanadal.org\/ca\/wp-json\/wp\/v2\/media\/70300"}],"wp:attachment":[{"href":"https:\/\/www.fundacionrafanadal.org\/ca\/wp-json\/wp\/v2\/media?parent=70301"}],"wp:term":[{"taxonomy":"category","embeddable":true,"href":"https:\/\/www.fundacionrafanadal.org\/ca\/wp-json\/wp\/v2\/categories?post=70301"},{"taxonomy":"post_tag","embeddable":true,"href":"https:\/\/www.fundacionrafanadal.org\/ca\/wp-json\/wp\/v2\/tags?post=70301"}],"curies":[{"name":"wp","href":"https:\/\/api.w.org\/{rel}","templated":true}]}}